{"id":10000309,"date":"2017-04-14T11:12:40","date_gmt":"2017-04-14T09:12:40","guid":{"rendered":"http:\/\/eric.univ-lyon2.fr\/eda\/?p=10000309"},"modified":"2022-10-09T17:54:37","modified_gmt":"2022-10-09T15:54:37","slug":"appel-a-participation-eda-2017-bigdata-bi","status":"publish","type":"post","link":"https:\/\/eric.univ-lyon2.fr\/eda\/?p=10000309","title":{"rendered":"Appel \u00e0 participation EDA 2017 #BigData #BI"},"content":{"rendered":"<p><strong>EDA 2017 : Business Intelligence &#038; big Data : 3-5 mai 2017, Lyon<\/strong><\/p>\n<p>La conf\u00e9rence francophone EDA est, depuis sa cr\u00e9ation en 2005, un contexte privil\u00e9gi\u00e9 de rencontre et d\u2019\u00e9change entre chercheurs, industriels et utilisateurs francophones int\u00e9ress\u00e9s par les avanc\u00e9es dans le domaine de l\u2019informatique d\u00e9cisionnelle (<em>Business Intelligence<\/em>), en particulier les entrep\u00f4ts et l\u2019analyse en ligne, faisant face aux nouveaux d\u00e9fis soulev\u00e9s par les m\u00e9gadonn\u00e9es (<em>big data<\/em>) et l\u2019infonuagique (<em>cloud computing<\/em>).<\/p>\n<p> Cette ann\u00e9e, les journ\u00e9es EDA auront lieu \u00e0 Lyon, campus Porte des Alpes, du 3 au 5 mai 2017.<\/p>\n<p> En conjonction avec EDA, des journ\u00e9es consacr\u00e9es \u00e0 l&rsquo;analyse de donn\u00e9es textuelles sont \u00e9galement organis\u00e9es dans le cadre de l\u2019action <a href=\"https:\/\/eric.univ-lyon2.fr\/adoc\/\">ADOC<\/a> du GdR CNRS <a href=\"http:\/\/www.madics.fr\">MaDICS<\/a>.<\/p>\n<p>Pour plus d&rsquo;information sur le programme et l&rsquo;inscription, merci de vous rendre sur le site de la conf\u00e9rence : <a href=\"https:\/\/eric.univ-lyon2.fr\/eda2017\/\">http:\/\/eric.univ-lyon2.fr\/eda2017\/<\/a>.<\/p>\n","protected":false},"excerpt":{"rendered":"<p>EDA 2017 : Business Intelligence &#038; big Data : 3-5 mai 2017, Lyon La conf\u00e9rence francophone EDA est, depuis sa cr\u00e9ation en 2005, un contexte privil\u00e9gi\u00e9 de rencontre et d\u2019\u00e9change entre chercheurs, industriels et utilisateurs francophones int\u00e9ress\u00e9s par les avanc\u00e9es dans le domaine de l\u2019informatique d\u00e9cisionnelle (Business Intelligence), en particulier les entrep\u00f4ts et l\u2019analyse en [&hellip;]<\/p>\n","protected":false},"author":2,"featured_media":0,"comment_status":"closed","ping_status":"open","sticky":false,"template":"","format":"standard","meta":{"footnotes":"","_links_to":"","_links_to_target":""},"categories":[9],"tags":[],"class_list":["post-10000309","post","type-post","status-publish","format-standard","hentry","category-appel-a-participation"],"_links":{"self":[{"href":"https:\/\/eric.univ-lyon2.fr\/eda\/index.php?rest_route=\/wp\/v2\/posts\/10000309","targetHints":{"allow":["GET"]}}],"collection":[{"href":"https:\/\/eric.univ-lyon2.fr\/eda\/index.php?rest_route=\/wp\/v2\/posts"}],"about":[{"href":"https:\/\/eric.univ-lyon2.fr\/eda\/index.php?rest_route=\/wp\/v2\/types\/post"}],"author":[{"embeddable":true,"href":"https:\/\/eric.univ-lyon2.fr\/eda\/index.php?rest_route=\/wp\/v2\/users\/2"}],"replies":[{"embeddable":true,"href":"https:\/\/eric.univ-lyon2.fr\/eda\/index.php?rest_route=%2Fwp%2Fv2%2Fcomments&post=10000309"}],"version-history":[{"count":2,"href":"https:\/\/eric.univ-lyon2.fr\/eda\/index.php?rest_route=\/wp\/v2\/posts\/10000309\/revisions"}],"predecessor-version":[{"id":10000520,"href":"https:\/\/eric.univ-lyon2.fr\/eda\/index.php?rest_route=\/wp\/v2\/posts\/10000309\/revisions\/10000520"}],"wp:attachment":[{"href":"https:\/\/eric.univ-lyon2.fr\/eda\/index.php?rest_route=%2Fwp%2Fv2%2Fmedia&parent=10000309"}],"wp:term":[{"taxonomy":"category","embeddable":true,"href":"https:\/\/eric.univ-lyon2.fr\/eda\/index.php?rest_route=%2Fwp%2Fv2%2Fcategories&post=10000309"},{"taxonomy":"post_tag","embeddable":true,"href":"https:\/\/eric.univ-lyon2.fr\/eda\/index.php?rest_route=%2Fwp%2Fv2%2Ftags&post=10000309"}],"curies":[{"name":"wp","href":"https:\/\/api.w.org\/{rel}","templated":true}]}}