{"id":10000496,"date":"2022-04-02T17:34:30","date_gmt":"2022-04-02T15:34:30","guid":{"rendered":"http:\/\/eric.univ-lyon2.fr\/eda\/?p=10000496"},"modified":"2022-04-02T17:36:18","modified_gmt":"2022-04-02T15:36:18","slug":"eda-2022-clermont-ferrand-bi-bigdata","status":"publish","type":"post","link":"https:\/\/eric.univ-lyon2.fr\/eda\/?p=10000496","title":{"rendered":"EDA 2022 Clermont-Ferrand #BI #BigData"},"content":{"rendered":"<p>Les 18e journ\u00e9es EDA se tiendront \u00e0 Clermont-Ferrand les 27 et 28 octobre 2022, conjointement avec la 38e Conf\u00e9rence sur la Gestion de Donn\u00e9es (<a href=\"https:\/\/bda2022.sciencesconf.org\/\">BDA&nbsp;2022<\/a>).<\/p>\n<p>L&rsquo;objectif principal des journ\u00e9es EDA est de fournir un forum pour la diss\u00e9mination des r\u00e9alisations de la recherche et de promouvoir des interactions et des collaborations dans le domaine des syst\u00e8mes d&rsquo;information d\u00e9cisionnels (<em>Business Intelligence<\/em>) et l&rsquo;analyse des m\u00e9gadonn\u00e9es (<em>big data analytics<\/em>). Ces deux domaines poussent encore plus loin les d\u00e9fis scientifiques, par des donn\u00e9es toujours plus multiples et complexes (<em>big queries, big times series<\/em>&#8230;) dans des environnement de stockage toujours plus sophistiqu\u00e9s (les <em>data lakes<\/em>, en particulier) et tout en devant assurer une bonne compr\u00e9hension des analyses possibles.<\/p>\n<p>L&rsquo;appel \u00e0 contributions et tous les d\u00e9tails sont disponibles <a href=\"https:\/\/sites.google.com\/view\/eda2022\/\">sur le site web d&rsquo;EDA 2022<\/a>.<\/p>\n","protected":false},"excerpt":{"rendered":"<p>Les 18e journ\u00e9es EDA se tiendront \u00e0 Clermont-Ferrand les 27 et 28 octobre 2022, conjointement avec la 38e Conf\u00e9rence sur la Gestion de Donn\u00e9es (BDA&nbsp;2022). L&rsquo;objectif principal des journ\u00e9es EDA est de fournir un forum pour la diss\u00e9mination des r\u00e9alisations de la recherche et de promouvoir des interactions et des collaborations dans le domaine des [&hellip;]<\/p>\n","protected":false},"author":3,"featured_media":0,"comment_status":"open","ping_status":"open","sticky":false,"template":"","format":"standard","meta":{"footnotes":"","_links_to":"","_links_to_target":""},"categories":[1,8],"tags":[],"class_list":["post-10000496","post","type-post","status-publish","format-standard","hentry","category-actualites","category-appel-a-communications"],"_links":{"self":[{"href":"https:\/\/eric.univ-lyon2.fr\/eda\/index.php?rest_route=\/wp\/v2\/posts\/10000496","targetHints":{"allow":["GET"]}}],"collection":[{"href":"https:\/\/eric.univ-lyon2.fr\/eda\/index.php?rest_route=\/wp\/v2\/posts"}],"about":[{"href":"https:\/\/eric.univ-lyon2.fr\/eda\/index.php?rest_route=\/wp\/v2\/types\/post"}],"author":[{"embeddable":true,"href":"https:\/\/eric.univ-lyon2.fr\/eda\/index.php?rest_route=\/wp\/v2\/users\/3"}],"replies":[{"embeddable":true,"href":"https:\/\/eric.univ-lyon2.fr\/eda\/index.php?rest_route=%2Fwp%2Fv2%2Fcomments&post=10000496"}],"version-history":[{"count":3,"href":"https:\/\/eric.univ-lyon2.fr\/eda\/index.php?rest_route=\/wp\/v2\/posts\/10000496\/revisions"}],"predecessor-version":[{"id":10000499,"href":"https:\/\/eric.univ-lyon2.fr\/eda\/index.php?rest_route=\/wp\/v2\/posts\/10000496\/revisions\/10000499"}],"wp:attachment":[{"href":"https:\/\/eric.univ-lyon2.fr\/eda\/index.php?rest_route=%2Fwp%2Fv2%2Fmedia&parent=10000496"}],"wp:term":[{"taxonomy":"category","embeddable":true,"href":"https:\/\/eric.univ-lyon2.fr\/eda\/index.php?rest_route=%2Fwp%2Fv2%2Fcategories&post=10000496"},{"taxonomy":"post_tag","embeddable":true,"href":"https:\/\/eric.univ-lyon2.fr\/eda\/index.php?rest_route=%2Fwp%2Fv2%2Ftags&post=10000496"}],"curies":[{"name":"wp","href":"https:\/\/api.w.org\/{rel}","templated":true}]}}