{"id":10000528,"date":"2022-10-09T18:04:16","date_gmt":"2022-10-09T16:04:16","guid":{"rendered":"https:\/\/eric.univ-lyon2.fr\/eda\/?p=10000528"},"modified":"2022-10-09T18:04:16","modified_gmt":"2022-10-09T16:04:16","slug":"appel-a-participation-eda-2022-bi-bigdata","status":"publish","type":"post","link":"https:\/\/eric.univ-lyon2.fr\/eda\/?p=10000528","title":{"rendered":"Appel \u00e0 participation EDA 2022 #BI #BigData"},"content":{"rendered":"<p>Les 18\u00e8me journ\u00e9es Business Intelligence &amp; Big Data (<a href=\"https:\/\/sites.google.com\/view\/eda22\/accueil\">https:\/\/sites.google.com\/view\/eda22\/accueil<\/a>) se d\u00e9rouleront cette ann\u00e9e \u00e0 Clermont-Ferrand du 27 octobre au 28 octobre 2022, sur le Campus des C\u00e9zeaux (Laboratoire LIMOS, Clermont Auvergne INP, UCA, Aubi\u00e8re). Le d\u00eener de gala est pr\u00e9vu le 26 Octobre.<\/p>\n<p>Les inscriptions sont ouvertes sur le site suivant : <a href=\"https:\/\/bda2022.sciencesconf.org\/resource\/page\/id\/12\">https:\/\/bda2022.sciencesconf.org\/resource\/page\/id\/12<\/a><\/p>\n<p>Le programme est disponible ici : <a href=\"https:\/\/sites.google.com\/view\/eda22\/programme?authuser=0\">https:\/\/sites.google.com\/view\/eda22\/programme?authuser=0<\/a><\/p>\n<p>Deux invit\u00e9s:<\/p>\n<ul>\n<li>Maria-Esther Vidal. L3S, Hannovre, Allemagne. Data Management Challenges in Healthcare Analytics<\/li>\n<li>Pierre Grenier, Alliance Agreenium. Opportunit\u00e9s offertes par l\u2019Alliance Agreenium pour appliquer la science des donn\u00e9es aux enjeux de l\u2019agriculture, l\u2019alimentation, la for\u00eat, la sant\u00e9 globale, et l\u2019environnement, et pour d\u00e9gager des synergies avec la formation<\/li>\n<\/ul>\n<p>Cette ann\u00e9e EDA22 sera colocalis\u00e9e avec BDA22 (<a href=\"https:\/\/bda2022.sciencesconf.org\/\">https:\/\/bda2022.sciencesconf.org\/<\/a>)<\/p>\n<p>Une inscription conjointe aux deux conf\u00e9rences est propos\u00e9e \u00e0 un tarif pr\u00e9f\u00e9rentiel.<\/p>\n<p>En esp\u00e9rant vous retrouver nombreuses et nombreux  \u00e0 Clermont-Ferrand !<\/p>\n","protected":false},"excerpt":{"rendered":"<p>Les 18\u00e8me journ\u00e9es Business Intelligence &amp; Big Data (https:\/\/sites.google.com\/view\/eda22\/accueil) se d\u00e9rouleront cette ann\u00e9e \u00e0 Clermont-Ferrand du 27 octobre au 28 octobre 2022, sur le Campus des C\u00e9zeaux (Laboratoire LIMOS, Clermont Auvergne INP, UCA, Aubi\u00e8re). Le d\u00eener de gala est pr\u00e9vu le 26 Octobre. Les inscriptions sont ouvertes sur le site suivant : https:\/\/bda2022.sciencesconf.org\/resource\/page\/id\/12 Le programme [&hellip;]<\/p>\n","protected":false},"author":3,"featured_media":0,"comment_status":"open","ping_status":"open","sticky":false,"template":"","format":"standard","meta":{"footnotes":"","_links_to":"","_links_to_target":""},"categories":[9],"tags":[],"class_list":["post-10000528","post","type-post","status-publish","format-standard","hentry","category-appel-a-participation"],"_links":{"self":[{"href":"https:\/\/eric.univ-lyon2.fr\/eda\/index.php?rest_route=\/wp\/v2\/posts\/10000528","targetHints":{"allow":["GET"]}}],"collection":[{"href":"https:\/\/eric.univ-lyon2.fr\/eda\/index.php?rest_route=\/wp\/v2\/posts"}],"about":[{"href":"https:\/\/eric.univ-lyon2.fr\/eda\/index.php?rest_route=\/wp\/v2\/types\/post"}],"author":[{"embeddable":true,"href":"https:\/\/eric.univ-lyon2.fr\/eda\/index.php?rest_route=\/wp\/v2\/users\/3"}],"replies":[{"embeddable":true,"href":"https:\/\/eric.univ-lyon2.fr\/eda\/index.php?rest_route=%2Fwp%2Fv2%2Fcomments&post=10000528"}],"version-history":[{"count":1,"href":"https:\/\/eric.univ-lyon2.fr\/eda\/index.php?rest_route=\/wp\/v2\/posts\/10000528\/revisions"}],"predecessor-version":[{"id":10000529,"href":"https:\/\/eric.univ-lyon2.fr\/eda\/index.php?rest_route=\/wp\/v2\/posts\/10000528\/revisions\/10000529"}],"wp:attachment":[{"href":"https:\/\/eric.univ-lyon2.fr\/eda\/index.php?rest_route=%2Fwp%2Fv2%2Fmedia&parent=10000528"}],"wp:term":[{"taxonomy":"category","embeddable":true,"href":"https:\/\/eric.univ-lyon2.fr\/eda\/index.php?rest_route=%2Fwp%2Fv2%2Fcategories&post=10000528"},{"taxonomy":"post_tag","embeddable":true,"href":"https:\/\/eric.univ-lyon2.fr\/eda\/index.php?rest_route=%2Fwp%2Fv2%2Ftags&post=10000528"}],"curies":[{"name":"wp","href":"https:\/\/api.w.org\/{rel}","templated":true}]}}